{"id":20769,"date":"2026-08-30T14:47:56","date_gmt":"2026-08-30T14:47:56","guid":{"rendered":"https:\/\/capitole-nyon.ch\/?p=20769"},"modified":"2026-09-01T15:19:01","modified_gmt":"2026-09-01T15:19:01","slug":"carmen","status":"publish","type":"post","link":"https:\/\/capitole-nyon.ch\/?p=20769","title":{"rendered":"CARMEN"},"content":{"rendered":"<div>\n<p class=\"Corps\"><span class=\"Aucun\"><span lang=\"FR\">Sous la chaleur oppressante du soleil espagnol, l\u2019indomptable Carmen attire l\u2019attention de Don Jos\u00e9. Elle le met en garde, il ne doit pas tomber amoureux d\u2019elle, mais l\u2019obsession de l\u2019homme est plus forte. La production torride de <\/span><\/span><span class=\"Aucun\"><span lang=\"IT\">Michieletto<\/span><\/span><span class=\"Aucun\"><span lang=\"FR\"> fait son grand retour, et jette une lumi\u00e8re aveuglante sur la luxure, la violence et le d\u00e9sir destructeur au c\u0153ur de l\u2019op\u00e9ra pl\u00e9biscit\u00e9 de Bizet&#8230;<\/span><\/span><\/p>\n<\/div>\n<div>\n<p class=\"Corps\"><span class=\"Aucun\"><span lang=\"FR\">Une distribution prestigieuse donne vie \u00e0 ce drame incandescent : <\/span><\/span><span class=\"Aucun\"><span lang=\"DA\">Ginger Costa-Jackson <\/span><\/span><span class=\"Aucun\"><span lang=\"FR\">incarne le flamboyant r\u00f4le-titre<\/span><\/span><span class=\"Aucun\"><span lang=\"EN-US\">, <\/span><\/span><span class=\"Aucun\"><span lang=\"FR\">tandis que <\/span><\/span><span class=\"Aucun\"><span lang=\"EN-US\">Russell Thomas <\/span><\/span><span class=\"Aucun\"><span lang=\"FR\">se glisse dans la peau de Don Jos\u00e9, rong\u00e9 par la jalousie et le d\u00e9sespoir. Apr\u00e8s ses d\u00e9buts au<\/span><\/span><span class=\"Aucun\"><span lang=\"EN-US\"> Royal Opera <\/span><\/span><span class=\"Aucun\"><span lang=\"FR\">en 2023,<\/span><\/span><span class=\"Aucun\"><span lang=\"IT\"> Sesto Quatrini <\/span><\/span><span class=\"Aucun\"><span lang=\"FR\">revient pour diriger la partition \u00e9lectrisante et sensuelle de Bizet.<\/span><\/span><\/p>\n<\/div>\n<p><strong>Nouveau ! Le c\u00e9l\u00e8bre op\u00e9ra \u00e0 vivre au Cin\u00e9ma Capitole le mardi 10 novembre \u00e0 20h00, en direct depuis le Royal Ballet and Opera de Londres.<\/strong><\/p>\n<p><strong>Op\u00e9ra en fran\u00e7ais avec des sous-titres anglais.\u00a0<\/strong><\/p>\n<p>&nbsp;<\/p>\n","protected":false},"excerpt":{"rendered":"<p>Sous la chaleur oppressante du soleil espagnol, l\u2019indomptable Carmen attire l\u2019attention de Don Jos\u00e9. Elle le met en garde, il ne doit pas tomber amoureux d\u2019elle, mais l\u2019obsession de l\u2019homme est plus forte. La production torride de Michieletto fait son grand retour, et jette une lumi\u00e8re aveuglante sur la luxure, la violence et le d\u00e9sir <a class=\"btn btn-success btn-sm\" href=\"https:\/\/capitole-nyon.ch\/?p=20769\">Read More&#8230;<\/a><\/p>\n","protected":false},"author":2,"featured_media":20770,"comment_status":"closed","ping_status":"closed","sticky":false,"template":"","format":"video","meta":{"_acf_changed":false,"footnotes":""},"categories":[32,4,7],"tags":[],"class_list":["post-20769","post","type-post","status-publish","format-video","has-post-thumbnail","hentry","category-cine-opera","category-films","category-prochains-films","post_format-post-format-video"],"acf":[],"_links":{"self":[{"href":"https:\/\/capitole-nyon.ch\/index.php?rest_route=\/wp\/v2\/posts\/20769","targetHints":{"allow":["GET"]}}],"collection":[{"href":"https:\/\/capitole-nyon.ch\/index.php?rest_route=\/wp\/v2\/posts"}],"about":[{"href":"https:\/\/capitole-nyon.ch\/index.php?rest_route=\/wp\/v2\/types\/post"}],"author":[{"embeddable":true,"href":"https:\/\/capitole-nyon.ch\/index.php?rest_route=\/wp\/v2\/users\/2"}],"replies":[{"embeddable":true,"href":"https:\/\/capitole-nyon.ch\/index.php?rest_route=%2Fwp%2Fv2%2Fcomments&post=20769"}],"version-history":[{"count":7,"href":"https:\/\/capitole-nyon.ch\/index.php?rest_route=\/wp\/v2\/posts\/20769\/revisions"}],"predecessor-version":[{"id":20854,"href":"https:\/\/capitole-nyon.ch\/index.php?rest_route=\/wp\/v2\/posts\/20769\/revisions\/20854"}],"wp:featuredmedia":[{"embeddable":true,"href":"https:\/\/capitole-nyon.ch\/index.php?rest_route=\/wp\/v2\/media\/20770"}],"wp:attachment":[{"href":"https:\/\/capitole-nyon.ch\/index.php?rest_route=%2Fwp%2Fv2%2Fmedia&parent=20769"}],"wp:term":[{"taxonomy":"category","embeddable":true,"href":"https:\/\/capitole-nyon.ch\/index.php?rest_route=%2Fwp%2Fv2%2Fcategories&post=20769"},{"taxonomy":"post_tag","embeddable":true,"href":"https:\/\/capitole-nyon.ch\/index.php?rest_route=%2Fwp%2Fv2%2Ftags&post=20769"}],"curies":[{"name":"wp","href":"https:\/\/api.w.org\/{rel}","templated":true}]}}