{"id":20764,"date":"2026-08-30T14:48:09","date_gmt":"2026-08-30T14:48:09","guid":{"rendered":"https:\/\/capitole-nyon.ch\/?p=20764"},"modified":"2026-09-01T15:18:57","modified_gmt":"2026-09-01T15:18:57","slug":"manon","status":"publish","type":"post","link":"https:\/\/capitole-nyon.ch\/?p=20764","title":{"rendered":"MANON"},"content":{"rendered":"<div>\n<p class=\"Corps\"><span class=\"Aucun\"><span lang=\"FR\">Dans les bas-fonds du Paris du 18e si\u00e8cle, l\u2019argent est roi. Rien n\u2019est sacr\u00e9, et m\u00eame l\u2019amour peut s\u2019acheter. Enfant de ce milieu h\u00e9doniste et interlope, Manon est tiraill\u00e9e entre deux d\u00e9sirs contradictoires quand elle tombe amoureuse de l\u2019\u00e9tudiant Des Grieux. Loyal et d\u00e9vou\u00e9, il lui ouvre la possibilit\u00e9 d\u2019une vie honorable. Mais elle demeure tent\u00e9e par les richesses que lui promet la vie parisienne\u2026<\/span><\/span><\/p>\n<\/div>\n<div>\n<p class=\"Corps\"><span class=\"Aucun\"><span lang=\"FR\">Le tourment int\u00e9rieur de Manon sont au c\u0153ur de cette adaptation poignante du roman de l\u2019Abb\u00e9 Pr\u00e9vost, r\u00e9alis\u00e9e par Kenneth MacMillan en 1974. Dans cette \u0153uvre embl\u00e9matique du Royal Ballet, MacMillan, dans une analyse tout en nuances de la psych\u00e9 humaine, offre un regard sans d\u00e9tour sur la d\u00e9pravation morale du Paris de Manon, tandis que la partition de Jules Massenet et les d\u00e9cors de <\/span><\/span><span class=\"Aucun\"><span lang=\"ES-TRAD\">Nicholas Georgiadis<\/span><\/span><span class=\"Aucun\"><span lang=\"FR\"> illustrent \u00e0 merveille toute sa d\u00e9cadence et son d\u00e9clin.<\/span><\/span><\/p>\n<p><strong>Nouveau ! Le c\u00e9l\u00e8bre ballet \u00e0 vivre au Cin\u00e9ma Capitole le mardi 27 octobre \u00e0 20h15, en direct depuis le Royal Ballet and Opera de Londres.<\/strong><\/p>\n<\/div>\n","protected":false},"excerpt":{"rendered":"<p>Dans les bas-fonds du Paris du 18e si\u00e8cle, l\u2019argent est roi. Rien n\u2019est sacr\u00e9, et m\u00eame l\u2019amour peut s\u2019acheter. Enfant de ce milieu h\u00e9doniste et interlope, Manon est tiraill\u00e9e entre deux d\u00e9sirs contradictoires quand elle tombe amoureuse de l\u2019\u00e9tudiant Des Grieux. Loyal et d\u00e9vou\u00e9, il lui ouvre la possibilit\u00e9 d\u2019une vie honorable. Mais elle demeure <a class=\"btn btn-success btn-sm\" href=\"https:\/\/capitole-nyon.ch\/?p=20764\">Read More&#8230;<\/a><\/p>\n","protected":false},"author":2,"featured_media":20765,"comment_status":"closed","ping_status":"closed","sticky":false,"template":"","format":"video","meta":{"_acf_changed":false,"footnotes":""},"categories":[32,4,7],"tags":[],"class_list":["post-20764","post","type-post","status-publish","format-video","has-post-thumbnail","hentry","category-cine-opera","category-films","category-prochains-films","post_format-post-format-video"],"acf":[],"_links":{"self":[{"href":"https:\/\/capitole-nyon.ch\/index.php?rest_route=\/wp\/v2\/posts\/20764","targetHints":{"allow":["GET"]}}],"collection":[{"href":"https:\/\/capitole-nyon.ch\/index.php?rest_route=\/wp\/v2\/posts"}],"about":[{"href":"https:\/\/capitole-nyon.ch\/index.php?rest_route=\/wp\/v2\/types\/post"}],"author":[{"embeddable":true,"href":"https:\/\/capitole-nyon.ch\/index.php?rest_route=\/wp\/v2\/users\/2"}],"replies":[{"embeddable":true,"href":"https:\/\/capitole-nyon.ch\/index.php?rest_route=%2Fwp%2Fv2%2Fcomments&post=20764"}],"version-history":[{"count":9,"href":"https:\/\/capitole-nyon.ch\/index.php?rest_route=\/wp\/v2\/posts\/20764\/revisions"}],"predecessor-version":[{"id":20853,"href":"https:\/\/capitole-nyon.ch\/index.php?rest_route=\/wp\/v2\/posts\/20764\/revisions\/20853"}],"wp:featuredmedia":[{"embeddable":true,"href":"https:\/\/capitole-nyon.ch\/index.php?rest_route=\/wp\/v2\/media\/20765"}],"wp:attachment":[{"href":"https:\/\/capitole-nyon.ch\/index.php?rest_route=%2Fwp%2Fv2%2Fmedia&parent=20764"}],"wp:term":[{"taxonomy":"category","embeddable":true,"href":"https:\/\/capitole-nyon.ch\/index.php?rest_route=%2Fwp%2Fv2%2Fcategories&post=20764"},{"taxonomy":"post_tag","embeddable":true,"href":"https:\/\/capitole-nyon.ch\/index.php?rest_route=%2Fwp%2Fv2%2Ftags&post=20764"}],"curies":[{"name":"wp","href":"https:\/\/api.w.org\/{rel}","templated":true}]}}