{"id":19279,"date":"2026-01-09T16:07:51","date_gmt":"2026-01-09T16:07:51","guid":{"rendered":"https:\/\/capitole-nyon.ch\/?p=19279"},"modified":"2026-02-08T04:52:32","modified_gmt":"2026-02-08T04:52:32","slug":"28-ans-plus-tard-le-temple-des-morts","status":"publish","type":"post","link":"https:\/\/capitole-nyon.ch\/?p=19279","title":{"rendered":"28 ANS PLUS TARD, LE TEMPLE DES MORTS"},"content":{"rendered":"<p>Dans ce nouveau volet de la saga, le docteur Kelson noue une relation aussi troublante qu\u2019inattendue dont les r\u00e9percussions sont susceptibles de bouleverser notre monde. Ce ne sont plus les infect\u00e9s qui repr\u00e9sentent la plus grande menace pour la survie de l\u2019esp\u00e8ce humaine mais l\u2019absence d\u2019humanit\u00e9 des rescap\u00e9s\u2026<\/p>\n<p><strong>Les Nocturnes, vendredi 6 et samedi 7 f\u00e9vrier \u00e0 23h00. Billets disponibles d\u00e8s maintenant.<\/strong><\/p>\n","protected":false},"excerpt":{"rendered":"<p>Dans ce nouveau volet de la saga, le docteur Kelson noue une relation aussi troublante qu\u2019inattendue dont les r\u00e9percussions sont susceptibles de bouleverser notre monde. Ce ne sont plus les infect\u00e9s qui repr\u00e9sentent la plus grande menace pour la survie de l\u2019esp\u00e8ce humaine mais l\u2019absence d\u2019humanit\u00e9 des rescap\u00e9s\u2026 Les Nocturnes, vendredi 6 et samedi 7 <a class=\"btn btn-success btn-sm\" href=\"https:\/\/capitole-nyon.ch\/?p=19279\">Read More&#8230;<\/a><\/p>\n","protected":false},"author":2,"featured_media":19285,"comment_status":"closed","ping_status":"closed","sticky":false,"template":"","format":"video","meta":[],"categories":[4],"tags":[],"_links":{"self":[{"href":"https:\/\/capitole-nyon.ch\/index.php?rest_route=\/wp\/v2\/posts\/19279"}],"collection":[{"href":"https:\/\/capitole-nyon.ch\/index.php?rest_route=\/wp\/v2\/posts"}],"about":[{"href":"https:\/\/capitole-nyon.ch\/index.php?rest_route=\/wp\/v2\/types\/post"}],"author":[{"embeddable":true,"href":"https:\/\/capitole-nyon.ch\/index.php?rest_route=\/wp\/v2\/users\/2"}],"replies":[{"embeddable":true,"href":"https:\/\/capitole-nyon.ch\/index.php?rest_route=%2Fwp%2Fv2%2Fcomments&post=19279"}],"version-history":[{"count":10,"href":"https:\/\/capitole-nyon.ch\/index.php?rest_route=\/wp\/v2\/posts\/19279\/revisions"}],"predecessor-version":[{"id":19452,"href":"https:\/\/capitole-nyon.ch\/index.php?rest_route=\/wp\/v2\/posts\/19279\/revisions\/19452"}],"wp:featuredmedia":[{"embeddable":true,"href":"https:\/\/capitole-nyon.ch\/index.php?rest_route=\/wp\/v2\/media\/19285"}],"wp:attachment":[{"href":"https:\/\/capitole-nyon.ch\/index.php?rest_route=%2Fwp%2Fv2%2Fmedia&parent=19279"}],"wp:term":[{"taxonomy":"category","embeddable":true,"href":"https:\/\/capitole-nyon.ch\/index.php?rest_route=%2Fwp%2Fv2%2Fcategories&post=19279"},{"taxonomy":"post_tag","embeddable":true,"href":"https:\/\/capitole-nyon.ch\/index.php?rest_route=%2Fwp%2Fv2%2Ftags&post=19279"}],"curies":[{"name":"wp","href":"https:\/\/api.w.org\/{rel}","templated":true}]}}