{"id":19031,"date":"2025-12-02T10:51:02","date_gmt":"2025-12-02T10:51:02","guid":{"rendered":"https:\/\/capitole-nyon.ch\/?p=19031"},"modified":"2026-02-22T11:02:33","modified_gmt":"2026-02-22T11:02:33","slug":"hello-frida","status":"publish","type":"post","link":"https:\/\/capitole-nyon.ch\/?p=19031","title":{"rendered":"HOLA FRIDA"},"content":{"rendered":"<p>C\u2019est l\u2019histoire d\u2019une petite fille diff\u00e9rente. Son monde, c\u2019est Coyoac\u00e1n au Mexique. P\u00e9tillante, vibrante, tout l\u2019int\u00e9resse. Et lorsque les \u00e9preuves se pr\u00e9sentent, elle leur fait face gr\u00e2ce \u00e0 un imaginaire d\u00e9bordant. Cette petite fille s\u2019appelle Frida Kahlo&#8230;<\/p>\n<p>Le Cin\u00e9-Tagada propose aux plus petits de savourer le cin\u00e9ma sur grand \u00e9cran pour r\u00eaver et s\u2019amuser comme les grands ! \u00a0Accompagn\u00e9 de tes parents, de ta famille ou de tes amis, tu d\u00e9couvriras chaque mois un nouveau film. Quelques petits cadeaux surprises attendent \u00e9galement les enfants et la place est au prix sympa de 12chf. S\u00e9ances les dimanches 8, 15 et 22 f\u00e9vrier \u00e0 11h00.<\/p>\n<p><strong>Age l\u00e9gal pour le film 6 ans, conseill\u00e9 d\u00e8s 8 ans.\u00a0<\/strong><\/p>\n","protected":false},"excerpt":{"rendered":"<p>C\u2019est l\u2019histoire d\u2019une petite fille diff\u00e9rente. Son monde, c\u2019est Coyoac\u00e1n au Mexique. P\u00e9tillante, vibrante, tout l\u2019int\u00e9resse. Et lorsque les \u00e9preuves se pr\u00e9sentent, elle leur fait face gr\u00e2ce \u00e0 un imaginaire d\u00e9bordant. Cette petite fille s\u2019appelle Frida Kahlo&#8230; Le Cin\u00e9-Tagada propose aux plus petits de savourer le cin\u00e9ma sur grand \u00e9cran pour r\u00eaver et s\u2019amuser comme <a class=\"btn btn-success btn-sm\" href=\"https:\/\/capitole-nyon.ch\/?p=19031\">Read More&#8230;<\/a><\/p>\n","protected":false},"author":2,"featured_media":19033,"comment_status":"closed","ping_status":"closed","sticky":false,"template":"","format":"video","meta":[],"categories":[4],"tags":[],"_links":{"self":[{"href":"https:\/\/capitole-nyon.ch\/index.php?rest_route=\/wp\/v2\/posts\/19031"}],"collection":[{"href":"https:\/\/capitole-nyon.ch\/index.php?rest_route=\/wp\/v2\/posts"}],"about":[{"href":"https:\/\/capitole-nyon.ch\/index.php?rest_route=\/wp\/v2\/types\/post"}],"author":[{"embeddable":true,"href":"https:\/\/capitole-nyon.ch\/index.php?rest_route=\/wp\/v2\/users\/2"}],"replies":[{"embeddable":true,"href":"https:\/\/capitole-nyon.ch\/index.php?rest_route=%2Fwp%2Fv2%2Fcomments&post=19031"}],"version-history":[{"count":8,"href":"https:\/\/capitole-nyon.ch\/index.php?rest_route=\/wp\/v2\/posts\/19031\/revisions"}],"predecessor-version":[{"id":19502,"href":"https:\/\/capitole-nyon.ch\/index.php?rest_route=\/wp\/v2\/posts\/19031\/revisions\/19502"}],"wp:featuredmedia":[{"embeddable":true,"href":"https:\/\/capitole-nyon.ch\/index.php?rest_route=\/wp\/v2\/media\/19033"}],"wp:attachment":[{"href":"https:\/\/capitole-nyon.ch\/index.php?rest_route=%2Fwp%2Fv2%2Fmedia&parent=19031"}],"wp:term":[{"taxonomy":"category","embeddable":true,"href":"https:\/\/capitole-nyon.ch\/index.php?rest_route=%2Fwp%2Fv2%2Fcategories&post=19031"},{"taxonomy":"post_tag","embeddable":true,"href":"https:\/\/capitole-nyon.ch\/index.php?rest_route=%2Fwp%2Fv2%2Ftags&post=19031"}],"curies":[{"name":"wp","href":"https:\/\/api.w.org\/{rel}","templated":true}]}}