{"id":18533,"date":"2025-10-14T10:06:00","date_gmt":"2025-10-14T10:06:00","guid":{"rendered":"https:\/\/capitole-nyon.ch\/?p=18533"},"modified":"2025-11-16T08:21:55","modified_gmt":"2025-11-16T08:21:55","slug":"la-nuit-de-la-glisse-2025","status":"publish","type":"post","link":"https:\/\/capitole-nyon.ch\/?p=18533","title":{"rendered":"FREEBIRDS, LA NUIT DE LA GLISSE 2025"},"content":{"rendered":"<p><em>La Nuit de la Glisse 2025<\/em> vous invite \u00e0 une soir\u00e9e unique compos\u00e9e de deux films compl\u00e9mentaires, r\u00e9unis par une qu\u00eate commune : la recherche du moment parfait. La soir\u00e9e s\u2019ouvre avec <em>Chronicles of a Wild Decade<\/em>, une plong\u00e9e dans les ann\u00e9es 2010 \u00e0 travers les archives personnelles de Thierry Donard. Des pentes raides du Mont-Blanc aux vagues monstrueuses de Teahupo\u2019o, en passant par les fjords d\u2019Europe du Nord et les rapides glac\u00e9s de Norv\u00e8ge, ce film retrace l\u2019engagement total d\u2019une g\u00e9n\u00e9ration d\u2019athl\u00e8tes qui a red\u00e9fini les limites. En seconde partie, <em>Free Birds<\/em> explore le pr\u00e9sent aux c\u00f4t\u00e9s de jeunes riders qui repoussent les fronti\u00e8res de leurs disciplines. Snowboard dans la nuit polaire norv\u00e9gienne, surf XXL \u00e0 Nazar\u00e9, speedriding de pr\u00e9cision dans les Alpes, wingfoil a\u00e9rien sur les rivi\u00e8res de l\u2019Oregon : chaque s\u00e9quence est un m\u00e9lange de libert\u00e9, d\u2019esth\u00e9tique et de ma\u00eetrise. Deux \u00e9poques, deux regards, une m\u00eame passion&#8230;<\/p>\n<p data-start=\"0\" data-end=\"164\"><strong>S\u00e9ance unique et \u00e9v\u00e9nement le vendredi 14 novembre \u00e0 20h30.<\/strong><\/p>\n","protected":false},"excerpt":{"rendered":"<p>La Nuit de la Glisse 2025 vous invite \u00e0 une soir\u00e9e unique compos\u00e9e de deux films compl\u00e9mentaires, r\u00e9unis par une qu\u00eate commune : la recherche du moment parfait. La soir\u00e9e s\u2019ouvre avec Chronicles of a Wild Decade, une plong\u00e9e dans les ann\u00e9es 2010 \u00e0 travers les archives personnelles de Thierry Donard. Des pentes raides du <a class=\"btn btn-success btn-sm\" href=\"https:\/\/capitole-nyon.ch\/?p=18533\">Read More&#8230;<\/a><\/p>\n","protected":false},"author":2,"featured_media":18537,"comment_status":"closed","ping_status":"closed","sticky":false,"template":"","format":"video","meta":[],"categories":[4],"tags":[],"_links":{"self":[{"href":"https:\/\/capitole-nyon.ch\/index.php?rest_route=\/wp\/v2\/posts\/18533"}],"collection":[{"href":"https:\/\/capitole-nyon.ch\/index.php?rest_route=\/wp\/v2\/posts"}],"about":[{"href":"https:\/\/capitole-nyon.ch\/index.php?rest_route=\/wp\/v2\/types\/post"}],"author":[{"embeddable":true,"href":"https:\/\/capitole-nyon.ch\/index.php?rest_route=\/wp\/v2\/users\/2"}],"replies":[{"embeddable":true,"href":"https:\/\/capitole-nyon.ch\/index.php?rest_route=%2Fwp%2Fv2%2Fcomments&post=18533"}],"version-history":[{"count":9,"href":"https:\/\/capitole-nyon.ch\/index.php?rest_route=\/wp\/v2\/posts\/18533\/revisions"}],"predecessor-version":[{"id":18866,"href":"https:\/\/capitole-nyon.ch\/index.php?rest_route=\/wp\/v2\/posts\/18533\/revisions\/18866"}],"wp:featuredmedia":[{"embeddable":true,"href":"https:\/\/capitole-nyon.ch\/index.php?rest_route=\/wp\/v2\/media\/18537"}],"wp:attachment":[{"href":"https:\/\/capitole-nyon.ch\/index.php?rest_route=%2Fwp%2Fv2%2Fmedia&parent=18533"}],"wp:term":[{"taxonomy":"category","embeddable":true,"href":"https:\/\/capitole-nyon.ch\/index.php?rest_route=%2Fwp%2Fv2%2Fcategories&post=18533"},{"taxonomy":"post_tag","embeddable":true,"href":"https:\/\/capitole-nyon.ch\/index.php?rest_route=%2Fwp%2Fv2%2Ftags&post=18533"}],"curies":[{"name":"wp","href":"https:\/\/api.w.org\/{rel}","templated":true}]}}