{"id":18166,"date":"2025-07-23T06:34:54","date_gmt":"2025-07-23T06:34:54","guid":{"rendered":"https:\/\/capitole-nyon.ch\/?p=18166"},"modified":"2025-11-01T06:25:43","modified_gmt":"2025-11-01T06:25:43","slug":"gaucho-gaucho-les-cavaliers-des-terres-sauvages","status":"publish","type":"post","link":"https:\/\/capitole-nyon.ch\/?p=18166","title":{"rendered":"GAUCHO GAUCHO, LES CAVALIERS DES TERRES SAUVAGES"},"content":{"rendered":"<p>Focus sur une communaut\u00e9 de cow-boys et de cow-girls argentins, connus sous le nom de Gauchos, dans ce documentaire visuellement puissant qui montre avec force le lien \u00e9troit entre l\u2019homme, l\u2019animal et le paysage qui existe au sein de cette communaut\u00e9&#8230;<\/p>\n<p><strong>Un chef d&rsquo;oeuvre visuel, \u00e0 d\u00e9couvrir dans le cadre du cycle Visions Du R\u00e9el On Tour, en collaboration avec le festival.\u00a0<\/strong><\/p>\n<p>Film en noir et blanc. Information sur la version originale : film parl\u00e9 espagnol avec sous-titres fran\u00e7ais.<\/p>\n<p>&nbsp;<\/p>\n","protected":false},"excerpt":{"rendered":"<p>Focus sur une communaut\u00e9 de cow-boys et de cow-girls argentins, connus sous le nom de Gauchos, dans ce documentaire visuellement puissant qui montre avec force le lien \u00e9troit entre l\u2019homme, l\u2019animal et le paysage qui existe au sein de cette communaut\u00e9&#8230; Un chef d&rsquo;oeuvre visuel, \u00e0 d\u00e9couvrir dans le cadre du cycle Visions Du R\u00e9el <a class=\"btn btn-success btn-sm\" href=\"https:\/\/capitole-nyon.ch\/?p=18166\">Read More&#8230;<\/a><\/p>\n","protected":false},"author":2,"featured_media":18169,"comment_status":"closed","ping_status":"closed","sticky":false,"template":"","format":"video","meta":[],"categories":[4],"tags":[],"_links":{"self":[{"href":"https:\/\/capitole-nyon.ch\/index.php?rest_route=\/wp\/v2\/posts\/18166"}],"collection":[{"href":"https:\/\/capitole-nyon.ch\/index.php?rest_route=\/wp\/v2\/posts"}],"about":[{"href":"https:\/\/capitole-nyon.ch\/index.php?rest_route=\/wp\/v2\/types\/post"}],"author":[{"embeddable":true,"href":"https:\/\/capitole-nyon.ch\/index.php?rest_route=\/wp\/v2\/users\/2"}],"replies":[{"embeddable":true,"href":"https:\/\/capitole-nyon.ch\/index.php?rest_route=%2Fwp%2Fv2%2Fcomments&post=18166"}],"version-history":[{"count":6,"href":"https:\/\/capitole-nyon.ch\/index.php?rest_route=\/wp\/v2\/posts\/18166\/revisions"}],"predecessor-version":[{"id":18577,"href":"https:\/\/capitole-nyon.ch\/index.php?rest_route=\/wp\/v2\/posts\/18166\/revisions\/18577"}],"wp:featuredmedia":[{"embeddable":true,"href":"https:\/\/capitole-nyon.ch\/index.php?rest_route=\/wp\/v2\/media\/18169"}],"wp:attachment":[{"href":"https:\/\/capitole-nyon.ch\/index.php?rest_route=%2Fwp%2Fv2%2Fmedia&parent=18166"}],"wp:term":[{"taxonomy":"category","embeddable":true,"href":"https:\/\/capitole-nyon.ch\/index.php?rest_route=%2Fwp%2Fv2%2Fcategories&post=18166"},{"taxonomy":"post_tag","embeddable":true,"href":"https:\/\/capitole-nyon.ch\/index.php?rest_route=%2Fwp%2Fv2%2Ftags&post=18166"}],"curies":[{"name":"wp","href":"https:\/\/api.w.org\/{rel}","templated":true}]}}