{"id":15931,"date":"2024-06-14T10:48:39","date_gmt":"2024-06-14T10:48:39","guid":{"rendered":"http:\/\/capitole-nyon.ch\/?p=15931"},"modified":"2024-09-22T11:34:35","modified_gmt":"2024-09-22T11:34:35","slug":"aftersun","status":"publish","type":"post","link":"https:\/\/capitole-nyon.ch\/?p=15931","title":{"rendered":"AFTERSUN"},"content":{"rendered":"<p>Vers la fin des ann\u00e9es 90, dans un club de vacances sur le d\u00e9clin, Sophie, \u00e2g\u00e9e de 11 ans, profite du temps qu\u2019elle peut passer avec son jeune p\u00e8re aimant et id\u00e9aliste, Calum. Alors que sa fille parvient aux portes de l\u2019adolescence, Calum lui, semble souffrir du poids de la vie au-del\u00e0 de son r\u00f4le de p\u00e8re&#8230;<\/p>\n<p>Sophie reflects on the shared joy and private melancholy of a holiday she took with her father twenty years earlier. Memories real and imagined fill the gaps between as she tries to reconcile the father she knew with the man she didn&rsquo;t&#8230;<\/p>\n<p><strong>S\u00e9ance ouverte \u00e0 tous, organis\u00e9e en collaboration avec le Cin\u00e9Club Nyon, le lundi 26 ao\u00fbt \u00e0 20h15.\u00a0<\/strong><\/p>\n","protected":false},"excerpt":{"rendered":"<p>Vers la fin des ann\u00e9es 90, dans un club de vacances sur le d\u00e9clin, Sophie, \u00e2g\u00e9e de 11 ans, profite du temps qu\u2019elle peut passer avec son jeune p\u00e8re aimant et id\u00e9aliste, Calum. Alors que sa fille parvient aux portes de l\u2019adolescence, Calum lui, semble souffrir du poids de la vie au-del\u00e0 de son r\u00f4le <a class=\"btn btn-success btn-sm\" href=\"https:\/\/capitole-nyon.ch\/?p=15931\">Read More&#8230;<\/a><\/p>\n","protected":false},"author":2,"featured_media":15935,"comment_status":"closed","ping_status":"closed","sticky":false,"template":"","format":"video","meta":[],"categories":[4],"tags":[],"_links":{"self":[{"href":"https:\/\/capitole-nyon.ch\/index.php?rest_route=\/wp\/v2\/posts\/15931"}],"collection":[{"href":"https:\/\/capitole-nyon.ch\/index.php?rest_route=\/wp\/v2\/posts"}],"about":[{"href":"https:\/\/capitole-nyon.ch\/index.php?rest_route=\/wp\/v2\/types\/post"}],"author":[{"embeddable":true,"href":"https:\/\/capitole-nyon.ch\/index.php?rest_route=\/wp\/v2\/users\/2"}],"replies":[{"embeddable":true,"href":"https:\/\/capitole-nyon.ch\/index.php?rest_route=%2Fwp%2Fv2%2Fcomments&post=15931"}],"version-history":[{"count":10,"href":"https:\/\/capitole-nyon.ch\/index.php?rest_route=\/wp\/v2\/posts\/15931\/revisions"}],"predecessor-version":[{"id":16442,"href":"https:\/\/capitole-nyon.ch\/index.php?rest_route=\/wp\/v2\/posts\/15931\/revisions\/16442"}],"wp:featuredmedia":[{"embeddable":true,"href":"https:\/\/capitole-nyon.ch\/index.php?rest_route=\/wp\/v2\/media\/15935"}],"wp:attachment":[{"href":"https:\/\/capitole-nyon.ch\/index.php?rest_route=%2Fwp%2Fv2%2Fmedia&parent=15931"}],"wp:term":[{"taxonomy":"category","embeddable":true,"href":"https:\/\/capitole-nyon.ch\/index.php?rest_route=%2Fwp%2Fv2%2Fcategories&post=15931"},{"taxonomy":"post_tag","embeddable":true,"href":"https:\/\/capitole-nyon.ch\/index.php?rest_route=%2Fwp%2Fv2%2Ftags&post=15931"}],"curies":[{"name":"wp","href":"https:\/\/api.w.org\/{rel}","templated":true}]}}