{"id":13790,"date":"2023-10-25T15:14:02","date_gmt":"2023-10-25T15:14:02","guid":{"rendered":"http:\/\/capitole-nyon.ch\/?p=13790"},"modified":"2023-12-29T09:38:23","modified_gmt":"2023-12-29T09:38:23","slug":"anselm","status":"publish","type":"post","link":"https:\/\/capitole-nyon.ch\/?p=13790","title":{"rendered":"ANSELM"},"content":{"rendered":"<p>Wim Wenders dresse le portrait de l&rsquo;un des artistes visuels les plus innovants et les plus importants de notre \u00e9poque : Anselm Kiefer. Le film offre au public un voyage cin\u00e9matographique \u00e0 travers l&rsquo;\u0153uvre d&rsquo;un artiste dont l&rsquo;art explore l&rsquo;existence humaine et la nature cyclique de l&rsquo;histoire, inspir\u00e9 par la litt\u00e9rature et la po\u00e9sie, l&rsquo;histoire, la philosophie, la science, la mythologie et la religion&#8230;<\/p>\n<p><strong>Information sur la version originale : film parl\u00e9 allemand avec sous-titres fran\u00e7ais.<\/strong><\/p>\n<p><strong>S\u00e9ance en 3D dans le cadre de Visions Du R\u00e9el On Tour lundi 6 novembre \u00e0 20h30.\u00a0<\/strong><\/p>\n<p>&nbsp;<\/p>\n","protected":false},"excerpt":{"rendered":"<p>Wim Wenders dresse le portrait de l&rsquo;un des artistes visuels les plus innovants et les plus importants de notre \u00e9poque : Anselm Kiefer. Le film offre au public un voyage cin\u00e9matographique \u00e0 travers l&rsquo;\u0153uvre d&rsquo;un artiste dont l&rsquo;art explore l&rsquo;existence humaine et la nature cyclique de l&rsquo;histoire, inspir\u00e9 par la litt\u00e9rature et la po\u00e9sie, l&rsquo;histoire, <a class=\"btn btn-success btn-sm\" href=\"https:\/\/capitole-nyon.ch\/?p=13790\">Read More&#8230;<\/a><\/p>\n","protected":false},"author":2,"featured_media":13792,"comment_status":"closed","ping_status":"closed","sticky":false,"template":"","format":"video","meta":[],"categories":[16,4],"tags":[],"_links":{"self":[{"href":"https:\/\/capitole-nyon.ch\/index.php?rest_route=\/wp\/v2\/posts\/13790"}],"collection":[{"href":"https:\/\/capitole-nyon.ch\/index.php?rest_route=\/wp\/v2\/posts"}],"about":[{"href":"https:\/\/capitole-nyon.ch\/index.php?rest_route=\/wp\/v2\/types\/post"}],"author":[{"embeddable":true,"href":"https:\/\/capitole-nyon.ch\/index.php?rest_route=\/wp\/v2\/users\/2"}],"replies":[{"embeddable":true,"href":"https:\/\/capitole-nyon.ch\/index.php?rest_route=%2Fwp%2Fv2%2Fcomments&post=13790"}],"version-history":[{"count":8,"href":"https:\/\/capitole-nyon.ch\/index.php?rest_route=\/wp\/v2\/posts\/13790\/revisions"}],"predecessor-version":[{"id":14331,"href":"https:\/\/capitole-nyon.ch\/index.php?rest_route=\/wp\/v2\/posts\/13790\/revisions\/14331"}],"wp:featuredmedia":[{"embeddable":true,"href":"https:\/\/capitole-nyon.ch\/index.php?rest_route=\/wp\/v2\/media\/13792"}],"wp:attachment":[{"href":"https:\/\/capitole-nyon.ch\/index.php?rest_route=%2Fwp%2Fv2%2Fmedia&parent=13790"}],"wp:term":[{"taxonomy":"category","embeddable":true,"href":"https:\/\/capitole-nyon.ch\/index.php?rest_route=%2Fwp%2Fv2%2Fcategories&post=13790"},{"taxonomy":"post_tag","embeddable":true,"href":"https:\/\/capitole-nyon.ch\/index.php?rest_route=%2Fwp%2Fv2%2Ftags&post=13790"}],"curies":[{"name":"wp","href":"https:\/\/api.w.org\/{rel}","templated":true}]}}