{"id":12271,"date":"2022-12-13T06:49:16","date_gmt":"2022-12-13T06:49:16","guid":{"rendered":"http:\/\/capitole-nyon.ch\/?p=12271"},"modified":"2023-01-29T17:23:23","modified_gmt":"2023-01-29T17:23:23","slug":"la-ligne","status":"publish","type":"post","link":"https:\/\/capitole-nyon.ch\/?p=12271","title":{"rendered":"LA LIGNE"},"content":{"rendered":"<section id=\"synopsis-details\" class=\"section ovw ovw-synopsis\">\n<div class=\"content-txt \">\n<p>Apr\u00e8s avoir agress\u00e9 violemment sa m\u00e8re, Margaret, 35 ans, doit se soumettre \u00e0 une mesure stricte d\u2019\u00e9loignement en attendant son jugement: elle n\u2019a plus le droit, pour une dur\u00e9e de trois mois, de rentrer en contact avec sa m\u00e8re, ni de s\u2019approcher \u00e0 moins de 100 m\u00e8tres de la maison familiale. Mais cette distance qui la s\u00e9pare de son foyer ne fait qu\u2019exacerber son d\u00e9sir de se rapprocher des siens&#8230;<\/p>\n<\/div>\n<\/section>\n<section id=\"synopsis-details\" class=\"section ovw ovw-synopsis\">\n<div id=\"mobile-referrer-atf\"><\/div>\n<\/section>\n","protected":false},"excerpt":{"rendered":"<p>Apr\u00e8s avoir agress\u00e9 violemment sa m\u00e8re, Margaret, 35 ans, doit se soumettre \u00e0 une mesure stricte d\u2019\u00e9loignement en attendant son jugement: elle n\u2019a plus le droit, pour une dur\u00e9e de trois mois, de rentrer en contact avec sa m\u00e8re, ni de s\u2019approcher \u00e0 moins de 100 m\u00e8tres de la maison familiale. Mais cette distance qui <a class=\"btn btn-success btn-sm\" href=\"https:\/\/capitole-nyon.ch\/?p=12271\">Read More&#8230;<\/a><\/p>\n","protected":false},"author":2,"featured_media":12273,"comment_status":"closed","ping_status":"closed","sticky":false,"template":"","format":"video","meta":[],"categories":[4],"tags":[],"_links":{"self":[{"href":"https:\/\/capitole-nyon.ch\/index.php?rest_route=\/wp\/v2\/posts\/12271"}],"collection":[{"href":"https:\/\/capitole-nyon.ch\/index.php?rest_route=\/wp\/v2\/posts"}],"about":[{"href":"https:\/\/capitole-nyon.ch\/index.php?rest_route=\/wp\/v2\/types\/post"}],"author":[{"embeddable":true,"href":"https:\/\/capitole-nyon.ch\/index.php?rest_route=\/wp\/v2\/users\/2"}],"replies":[{"embeddable":true,"href":"https:\/\/capitole-nyon.ch\/index.php?rest_route=%2Fwp%2Fv2%2Fcomments&post=12271"}],"version-history":[{"count":10,"href":"https:\/\/capitole-nyon.ch\/index.php?rest_route=\/wp\/v2\/posts\/12271\/revisions"}],"predecessor-version":[{"id":12540,"href":"https:\/\/capitole-nyon.ch\/index.php?rest_route=\/wp\/v2\/posts\/12271\/revisions\/12540"}],"wp:featuredmedia":[{"embeddable":true,"href":"https:\/\/capitole-nyon.ch\/index.php?rest_route=\/wp\/v2\/media\/12273"}],"wp:attachment":[{"href":"https:\/\/capitole-nyon.ch\/index.php?rest_route=%2Fwp%2Fv2%2Fmedia&parent=12271"}],"wp:term":[{"taxonomy":"category","embeddable":true,"href":"https:\/\/capitole-nyon.ch\/index.php?rest_route=%2Fwp%2Fv2%2Fcategories&post=12271"},{"taxonomy":"post_tag","embeddable":true,"href":"https:\/\/capitole-nyon.ch\/index.php?rest_route=%2Fwp%2Fv2%2Ftags&post=12271"}],"curies":[{"name":"wp","href":"https:\/\/api.w.org\/{rel}","templated":true}]}}