{"id":699,"date":"2015-06-06T13:32:02","date_gmt":"2015-06-06T13:32:02","guid":{"rendered":"http:\/\/capitole-nyon.ch\/?p=699"},"modified":"2015-07-06T11:41:10","modified_gmt":"2015-07-06T11:41:10","slug":"bagdad-cafe-out-of-rosenheim-directors-cut","status":"publish","type":"post","link":"http:\/\/capitole-nyon.ch\/?p=699","title":{"rendered":"BAGDAD CAFE (director&rsquo;s cut) &#8211; Soir\u00e9e am\u00e9ricaine"},"content":{"rendered":"<p><strong>Soir\u00e9e Am\u00e9ricaine &#8211; Samedi 4 juillet 2015, de 19h30 \u00e0 23h<\/strong><\/p>\n<p><strong>Encore quelques places disponibles ! Inscrivez-vous sans tarder\u00a0\u00e0 : \u00a0<a href=\"mailto:info@chateaudenyon.ch\">info@chateaudenyon.ch<\/a> &#8211; 022 363 83 51<\/strong><\/p>\n<p>En ce jour de f\u00eate nationale aux \u00c9tats-Unis, le Ch\u00e2teau de Nyon et les Cin\u00e9mas Capitole vous invitent \u00e0 une soir\u00e9e am\u00e9ricaine. Au programme : rendez-vous \u00e0 19h30 au Ch\u00e2teau de Nyon pour une visite comment\u00e9e de l\u2019exposition temporaire consacr\u00e9e \u00e0 Alison E. Taylor. Puis, aux Cin\u00e9mas Capitole,\u00a0cocktail dinatoire am\u00e9ricain et projection du film \u00ab\u00a0Bagdad Caf\u00e9\u00a0\u00bb (Out of Rosenheim) dans une version <em>director&rsquo;s cut<\/em> in\u00e9dite.<\/p>\n<p>Billet au tarif unique de 20.- Nombre de participant limit\u00e9, sur inscription jusqu\u2019au mercredi 1er juillet 2015 <a href=\"mailto:info@chateaudenyon.ch\">info@chateaudenyon.ch<\/a>\u00a0&#8211; 022 363 83 51<\/p>\n<p>Des billets pour le film uniquement peuvent \u00eatre achet\u00e9s directement au cin\u00e9ma le jour m\u00eame. S\u00e9ance \u00e0 21h00.<\/p>\n<p><span style=\"text-decoration: underline;\">R\u00e9sum\u00e9 du film<\/span> : Apr\u00e8s une sc\u00e8ne de m\u00e9nage, Jasmine, une touriste allemande, atterrit au Bagdad Caf\u00e9, un motel minable en plein d\u00e9sert, longeant la c\u00e9l\u00e8bre route 66 pr\u00e8s de Las Vegas. L&rsquo;endroit est dirig\u00e9 par Brenda, une femme de couleur rev\u00eache et bruyante qui r\u00e8gne sur tout un petit monde de routiers et de personnages fantasques. Peu \u00e0 peu, Jasmine se fait appr\u00e9cier de tous et tente de remettre le motel \u00e0 flot&#8230;<\/p>\n<p>After a row with her husband in the middle of the desert, on the road 66 near Las Vegas, Jasmine, a german tourist, ends up in the most desolate motel on Earth, the Bagdad Caf\u00e9. She decides to make it brighter&#8230;<\/p>\n","protected":false},"excerpt":{"rendered":"<p>Soir\u00e9e Am\u00e9ricaine &#8211; Samedi 4 juillet 2015, de 19h30 \u00e0 23h Encore quelques places disponibles ! Inscrivez-vous sans tarder\u00a0\u00e0 : \u00a0info@chateaudenyon.ch &#8211; 022 363 83 51 En ce jour de f\u00eate nationale aux \u00c9tats-Unis, le Ch\u00e2teau de Nyon et les Cin\u00e9mas Capitole vous invitent \u00e0 une soir\u00e9e am\u00e9ricaine. Au programme : rendez-vous \u00e0 19h30 au <a class=\"btn btn-success btn-sm\" href=\"http:\/\/capitole-nyon.ch\/?p=699\">Read More&#8230;<\/a><\/p>\n","protected":false},"author":2,"featured_media":702,"comment_status":"closed","ping_status":"closed","sticky":false,"template":"","format":"video","meta":[],"categories":[4],"tags":[],"_links":{"self":[{"href":"http:\/\/capitole-nyon.ch\/index.php?rest_route=\/wp\/v2\/posts\/699"}],"collection":[{"href":"http:\/\/capitole-nyon.ch\/index.php?rest_route=\/wp\/v2\/posts"}],"about":[{"href":"http:\/\/capitole-nyon.ch\/index.php?rest_route=\/wp\/v2\/types\/post"}],"author":[{"embeddable":true,"href":"http:\/\/capitole-nyon.ch\/index.php?rest_route=\/wp\/v2\/users\/2"}],"replies":[{"embeddable":true,"href":"http:\/\/capitole-nyon.ch\/index.php?rest_route=%2Fwp%2Fv2%2Fcomments&post=699"}],"version-history":[{"count":12,"href":"http:\/\/capitole-nyon.ch\/index.php?rest_route=\/wp\/v2\/posts\/699\/revisions"}],"predecessor-version":[{"id":772,"href":"http:\/\/capitole-nyon.ch\/index.php?rest_route=\/wp\/v2\/posts\/699\/revisions\/772"}],"wp:featuredmedia":[{"embeddable":true,"href":"http:\/\/capitole-nyon.ch\/index.php?rest_route=\/wp\/v2\/media\/702"}],"wp:attachment":[{"href":"http:\/\/capitole-nyon.ch\/index.php?rest_route=%2Fwp%2Fv2%2Fmedia&parent=699"}],"wp:term":[{"taxonomy":"category","embeddable":true,"href":"http:\/\/capitole-nyon.ch\/index.php?rest_route=%2Fwp%2Fv2%2Fcategories&post=699"},{"taxonomy":"post_tag","embeddable":true,"href":"http:\/\/capitole-nyon.ch\/index.php?rest_route=%2Fwp%2Fv2%2Ftags&post=699"}],"curies":[{"name":"wp","href":"https:\/\/api.w.org\/{rel}","templated":true}]}}