{"id":18123,"date":"2025-08-24T05:55:08","date_gmt":"2025-08-24T05:55:08","guid":{"rendered":"https:\/\/capitole-nyon.ch\/?p=18123"},"modified":"2025-09-02T14:53:12","modified_gmt":"2025-09-02T14:53:12","slug":"la-guerre-des-roses","status":"publish","type":"post","link":"http:\/\/capitole-nyon.ch\/?p=18123","title":{"rendered":"LA GUERRE DES ROSE"},"content":{"rendered":"<p>Ivy et Theo forment un couple parfait \u00e0 qui tout r\u00e9ussit : des carri\u00e8res couronn\u00e9es de succ\u00e8s, un mariage \u00e9panoui et des enfants formidables. Mais sous les apparences de cette vie id\u00e9ale, une temp\u00eate se pr\u00e9pare. Alors que la carri\u00e8re de Theo s\u2019\u00e9croule et que celle d\u2019Ivy d\u00e9colle, leurs ressentiments et leur rivalit\u00e9 jusque-l\u00e0 \u00e9touff\u00e9s vont bient\u00f4t exploser&#8230;<\/p>\n<p><strong>S\u00e9ance \u00e0 l\u2019occasion de la Journ\u00e9e du Cin\u00e9ma Allianz le 7 septembre \u00e0 20h30 en VOst. 7chf la place !<\/strong><\/p>\n","protected":false},"excerpt":{"rendered":"<p>Ivy et Theo forment un couple parfait \u00e0 qui tout r\u00e9ussit : des carri\u00e8res couronn\u00e9es de succ\u00e8s, un mariage \u00e9panoui et des enfants formidables. Mais sous les apparences de cette vie id\u00e9ale, une temp\u00eate se pr\u00e9pare. Alors que la carri\u00e8re de Theo s\u2019\u00e9croule et que celle d\u2019Ivy d\u00e9colle, leurs ressentiments et leur rivalit\u00e9 jusque-l\u00e0 \u00e9touff\u00e9s <a class=\"btn btn-success btn-sm\" href=\"http:\/\/capitole-nyon.ch\/?p=18123\">Read More&#8230;<\/a><\/p>\n","protected":false},"author":2,"featured_media":18223,"comment_status":"closed","ping_status":"closed","sticky":false,"template":"","format":"video","meta":[],"categories":[4],"tags":[],"_links":{"self":[{"href":"http:\/\/capitole-nyon.ch\/index.php?rest_route=\/wp\/v2\/posts\/18123"}],"collection":[{"href":"http:\/\/capitole-nyon.ch\/index.php?rest_route=\/wp\/v2\/posts"}],"about":[{"href":"http:\/\/capitole-nyon.ch\/index.php?rest_route=\/wp\/v2\/types\/post"}],"author":[{"embeddable":true,"href":"http:\/\/capitole-nyon.ch\/index.php?rest_route=\/wp\/v2\/users\/2"}],"replies":[{"embeddable":true,"href":"http:\/\/capitole-nyon.ch\/index.php?rest_route=%2Fwp%2Fv2%2Fcomments&post=18123"}],"version-history":[{"count":9,"href":"http:\/\/capitole-nyon.ch\/index.php?rest_route=\/wp\/v2\/posts\/18123\/revisions"}],"predecessor-version":[{"id":18427,"href":"http:\/\/capitole-nyon.ch\/index.php?rest_route=\/wp\/v2\/posts\/18123\/revisions\/18427"}],"wp:featuredmedia":[{"embeddable":true,"href":"http:\/\/capitole-nyon.ch\/index.php?rest_route=\/wp\/v2\/media\/18223"}],"wp:attachment":[{"href":"http:\/\/capitole-nyon.ch\/index.php?rest_route=%2Fwp%2Fv2%2Fmedia&parent=18123"}],"wp:term":[{"taxonomy":"category","embeddable":true,"href":"http:\/\/capitole-nyon.ch\/index.php?rest_route=%2Fwp%2Fv2%2Fcategories&post=18123"},{"taxonomy":"post_tag","embeddable":true,"href":"http:\/\/capitole-nyon.ch\/index.php?rest_route=%2Fwp%2Fv2%2Ftags&post=18123"}],"curies":[{"name":"wp","href":"https:\/\/api.w.org\/{rel}","templated":true}]}}