{"id":11639,"date":"2022-09-09T07:39:31","date_gmt":"2022-09-09T07:39:31","guid":{"rendered":"http:\/\/capitole-nyon.ch\/?p=11639"},"modified":"2022-09-22T19:52:02","modified_gmt":"2022-09-22T19:52:02","slug":"maria-reve","status":"publish","type":"post","link":"http:\/\/capitole-nyon.ch\/?p=11639","title":{"rendered":"MARIA R\u00caVE"},"content":{"rendered":"<p>Maria est femme de m\u00e9nage. Mari\u00e9e depuis 25 ans, r\u00e9serv\u00e9e, timide et maladroite, elle ne quitte jamais son carnet \u00e0 fleurs dans lequel elle \u00e9crit des po\u00e8mes en secret. Lorsqu\u2019elle est affect\u00e9e \u00e0 l&rsquo;\u00c9cole des Beaux-Arts, elle rencontre Hubert, le gardien fantasque de l&rsquo;\u00e9cole, et d\u00e9couvre un lieu fascinant o\u00f9 r\u00e8gnent la libert\u00e9, la cr\u00e9ativit\u00e9 et l&rsquo;audace&#8230;<\/p>\n<p><strong>S\u00e9ance exceptionnelle en avant-premi\u00e8re le jeudi 22 septembre \u00e0 20h30 en pr\u00e9sence des r\u00e9alisateurs Lauriane Escaffre et\u00a0Yvo Muller. Le film sera suivi d&rsquo;une discussion avec les r\u00e9alisateurs.<\/strong><\/p>\n","protected":false},"excerpt":{"rendered":"<p>Maria est femme de m\u00e9nage. Mari\u00e9e depuis 25 ans, r\u00e9serv\u00e9e, timide et maladroite, elle ne quitte jamais son carnet \u00e0 fleurs dans lequel elle \u00e9crit des po\u00e8mes en secret. Lorsqu\u2019elle est affect\u00e9e \u00e0 l&rsquo;\u00c9cole des Beaux-Arts, elle rencontre Hubert, le gardien fantasque de l&rsquo;\u00e9cole, et d\u00e9couvre un lieu fascinant o\u00f9 r\u00e8gnent la libert\u00e9, la cr\u00e9ativit\u00e9 <a class=\"btn btn-success btn-sm\" href=\"http:\/\/capitole-nyon.ch\/?p=11639\">Read More&#8230;<\/a><\/p>\n","protected":false},"author":2,"featured_media":11642,"comment_status":"closed","ping_status":"closed","sticky":false,"template":"","format":"video","meta":[],"categories":[4],"tags":[],"_links":{"self":[{"href":"http:\/\/capitole-nyon.ch\/index.php?rest_route=\/wp\/v2\/posts\/11639"}],"collection":[{"href":"http:\/\/capitole-nyon.ch\/index.php?rest_route=\/wp\/v2\/posts"}],"about":[{"href":"http:\/\/capitole-nyon.ch\/index.php?rest_route=\/wp\/v2\/types\/post"}],"author":[{"embeddable":true,"href":"http:\/\/capitole-nyon.ch\/index.php?rest_route=\/wp\/v2\/users\/2"}],"replies":[{"embeddable":true,"href":"http:\/\/capitole-nyon.ch\/index.php?rest_route=%2Fwp%2Fv2%2Fcomments&post=11639"}],"version-history":[{"count":11,"href":"http:\/\/capitole-nyon.ch\/index.php?rest_route=\/wp\/v2\/posts\/11639\/revisions"}],"predecessor-version":[{"id":11726,"href":"http:\/\/capitole-nyon.ch\/index.php?rest_route=\/wp\/v2\/posts\/11639\/revisions\/11726"}],"wp:featuredmedia":[{"embeddable":true,"href":"http:\/\/capitole-nyon.ch\/index.php?rest_route=\/wp\/v2\/media\/11642"}],"wp:attachment":[{"href":"http:\/\/capitole-nyon.ch\/index.php?rest_route=%2Fwp%2Fv2%2Fmedia&parent=11639"}],"wp:term":[{"taxonomy":"category","embeddable":true,"href":"http:\/\/capitole-nyon.ch\/index.php?rest_route=%2Fwp%2Fv2%2Fcategories&post=11639"},{"taxonomy":"post_tag","embeddable":true,"href":"http:\/\/capitole-nyon.ch\/index.php?rest_route=%2Fwp%2Fv2%2Ftags&post=11639"}],"curies":[{"name":"wp","href":"https:\/\/api.w.org\/{rel}","templated":true}]}}